{"id":2659,"date":"2024-09-06T13:03:10","date_gmt":"2024-09-06T13:03:10","guid":{"rendered":"https:\/\/zagonibalazs.com\/?p=2659"},"modified":"2024-09-30T20:42:00","modified_gmt":"2024-09-30T20:42:00","slug":"book-launch-in-budapest-the-star-and-the-captain","status":"publish","type":"post","link":"https:\/\/zagonibalazs.com\/en\/book-launch-in-budapest-the-star-and-the-captain\/","title":{"rendered":"Book launch in Budapest: The Star and the Captain"},"content":{"rendered":"<p>My new book, <a href=\"https:\/\/zagonibalazs.com\/en\/books\/the-star-and-the-captain\/\" target=\"_blank\" rel=\"noopener\"><em>The Star and the Captain,<\/em><\/a> will be launched at the 29th Budapest International Book Festival on 28 September at 3.00 p.m.<\/p>\n<p>Inspired by a chance encounter and followed by two and a half years of research, this youth novel is published on the occasion of the 80th anniversary of the Hungarian Holocaust.<\/p>\n<p>The launch will be attended by editor P\u00e9ter D\u00f3ka and historian Kriszti\u00e1n Ungv\u00e1ry.<\/p>\n<p>&nbsp;<\/p>\n","protected":false},"excerpt":{"rendered":"<p>My new book, The Star and the Captain, will be launched at the 29th Budapest International Book Festival on 28 September at 3.00 p.m. Inspired by a chance encounter and followed by two and a half years of research, this youth novel is published on the occasion of the 80th anniversary of the Hungarian Holocaust. [&hellip;]<\/p>\n","protected":false},"author":2,"featured_media":2330,"comment_status":"closed","ping_status":"closed","sticky":false,"template":"","format":"standard","meta":{"_seopress_robots_primary_cat":"none","_seopress_titles_title":"","_seopress_titles_desc":"","_seopress_robots_index":"","ngg_post_thumbnail":0,"footnotes":""},"categories":[65],"tags":[],"class_list":{"0":"post-2659","1":"post","2":"type-post","3":"status-publish","4":"format-standard","5":"has-post-thumbnail","7":"category-news"},"_links":{"self":[{"href":"https:\/\/zagonibalazs.com\/en\/wp-json\/wp\/v2\/posts\/2659"}],"collection":[{"href":"https:\/\/zagonibalazs.com\/en\/wp-json\/wp\/v2\/posts"}],"about":[{"href":"https:\/\/zagonibalazs.com\/en\/wp-json\/wp\/v2\/types\/post"}],"author":[{"embeddable":true,"href":"https:\/\/zagonibalazs.com\/en\/wp-json\/wp\/v2\/users\/2"}],"replies":[{"embeddable":true,"href":"https:\/\/zagonibalazs.com\/en\/wp-json\/wp\/v2\/comments?post=2659"}],"version-history":[{"count":2,"href":"https:\/\/zagonibalazs.com\/en\/wp-json\/wp\/v2\/posts\/2659\/revisions"}],"predecessor-version":[{"id":2663,"href":"https:\/\/zagonibalazs.com\/en\/wp-json\/wp\/v2\/posts\/2659\/revisions\/2663"}],"wp:featuredmedia":[{"embeddable":true,"href":"https:\/\/zagonibalazs.com\/en\/wp-json\/wp\/v2\/media\/2330"}],"wp:attachment":[{"href":"https:\/\/zagonibalazs.com\/en\/wp-json\/wp\/v2\/media?parent=2659"}],"wp:term":[{"taxonomy":"category","embeddable":true,"href":"https:\/\/zagonibalazs.com\/en\/wp-json\/wp\/v2\/categories?post=2659"},{"taxonomy":"post_tag","embeddable":true,"href":"https:\/\/zagonibalazs.com\/en\/wp-json\/wp\/v2\/tags?post=2659"}],"curies":[{"name":"wp","href":"https:\/\/api.w.org\/{rel}","templated":true}]}}